{"id":4346,"global_id":"trun-cultura.ch\/rm\/?id=4346","global_id_lineage":["trun-cultura.ch\/rm\/?id=4346"],"author":"4","status":"publish","date":"2024-08-17 11:53:22","date_utc":"2024-08-17 09:53:22","modified":"2024-10-01 15:54:43","modified_utc":"2024-10-01 13:54:43","url":"https:\/\/trun-cultura.ch\/rm\/event\/discuors-cullartista\/","rest_url":"https:\/\/trun-cultura.ch\/rm\/wp-json\/tribe\/events\/v1\/events\/4346","title":"Discuors cull\u2019artista","description":"<p><strong>Discussiun<\/strong><br \/>\n14.30 \u2013 15.30Il discuors ei includius ell\u2019entrada all\u2019exposiziun<br \/>\nEsther Mathis declara la formaziun da sias ovras per l\u2019exposiziun e sia scuntrada cul SPAZI SPESCHA.<\/p>\n<p><strong>Moderaziun<\/strong><br \/>\nSeraina Peer, curatura<\/p>","excerpt":"<p><a href=\"https:\/\/trun-cultura.ch\/rm\/exposiziuns\/\" class=\"link\"><strong>Exposiziun<\/strong><\/a><br \/>\nEspaces Imaginaires &#8211; Matias Spescha \/ Esther Mathis<\/p>","slug":"discuors-cullartista","image":{"url":"https:\/\/trun-cultura.ch\/wp-content\/uploads\/2024\/08\/23062024_SP_Esther_Mathis_und_Seraina-Peer.jpg","id":4325,"extension":"jpg","width":744,"height":526,"filesize":170904,"sizes":{"woocommerce_gallery_thumbnail":{"width":200,"height":200,"mime-type":"image\/jpeg","filesize":9735,"url":"https:\/\/trun-cultura.ch\/wp-content\/uploads\/2024\/08\/23062024_SP_Esther_Mathis_und_Seraina-Peer-200x200.jpg"}}},"all_day":false,"start_date":"2024-06-23 14:30:00","start_date_details":{"year":"2024","month":"06","day":"23","hour":"14","minutes":"30","seconds":"00"},"end_date":"2024-06-23 15:30:00","end_date_details":{"year":"2024","month":"06","day":"23","hour":"15","minutes":"30","seconds":"00"},"utc_start_date":"2024-06-23 12:30:00","utc_start_date_details":{"year":"2024","month":"06","day":"23","hour":"12","minutes":"30","seconds":"00"},"utc_end_date":"2024-06-23 13:30:00","utc_end_date_details":{"year":"2024","month":"06","day":"23","hour":"13","minutes":"30","seconds":"00"},"timezone":"Europe\/Zurich","timezone_abbr":"CEST","cost":"","cost_details":{"currency_symbol":"CHF","currency_code":"CHF","currency_position":"prefix","values":[]},"website":"","show_map":true,"show_map_link":false,"hide_from_listings":false,"sticky":false,"featured":false,"categories":[{"name":"event","slug":"event","term_group":0,"term_taxonomy_id":40,"taxonomy":"tribe_events_cat","description":"","parent":0,"count":34,"filter":"raw","id":40,"urls":{"self":"https:\/\/trun-cultura.ch\/rm\/wp-json\/tribe\/events\/v1\/categories\/40","collection":"https:\/\/trun-cultura.ch\/rm\/wp-json\/tribe\/events\/v1\/categories"}}],"tags":[],"venue":{"id":3312,"author":"8","status":"publish","date":"2024-06-10 13:46:28","date_utc":"2024-06-10 13:46:28","modified":"2025-03-09 16:08:48","modified_utc":"2025-03-09 15:08:48","url":"https:\/\/trun-cultura.ch\/liug\/fdg\/","venue":"Spazi d&#8217;art Matias Spescha","description":"<p>In der 1\u2019000 m2 grossen ehemaligen Fabrikationshalle wird das Werk von Matias Spescha unter immer wieder neuen Gesichtspunkten in j\u00e4hrlich wechselnden Ausstellungen gezeigt. Die Halle bietet die M\u00f6glichkeit f\u00fcr raumgreifende Installationen, grosse Gem\u00e4lde wie auch f\u00fcr kleinformatige Werke wie Zeichnungen und Druckgraphiken.<\/p>\n<p>Die Ausstellungen werden als eigenst\u00e4ndige, in sich geschlossene Projekte im j\u00e4hrlichen Wechsel jeweils neu konzipiert. Der SPAZI D&#8217;ART MATIAS SPESCHA versteht sich somit nicht als ein \u00abSchau-Lager\u00bb, sondern soll immer wieder neues Interesse wecken und neue Beziehungen er\u00f6ffnen. Speschas Werk eignet sich hervorragend daf\u00fcr, in unterschiedlichen k\u00fcnstlerischen und kunsthistorischen Kontexten gesehen zu werden. Es erm\u00f6glicht dem Publikum dadurch anregende Begegnungen auch mit anderen Kunstpositionen.<\/p>","excerpt":"<p>Anreise<br \/>\nmit \u00f6V bis Bahnhof Trun, dann 10 Minuten Fussweg<br \/>\nmit Auto: Parkpl\u00e4tze beim Gemeindehaus oder am Dorfausgang gegen\u00fcber Museum Sursilvan <\/p>\n<p>Veranstalter<br \/>\nTrun Cultura<\/p>\n<p>Auskunft<br \/>\ninfo@trun-cultura.ch<\/p>","slug":"fdg","address":"Via Fabrica 13","city":"Trun","country":"Switzerland","province":"Graub\u00fcnden","zip":"7166","website":"https:\/\/trun-cultura.ch\/spazispescha","stateprovince":"Graub\u00fcnden","json_ld":{"@type":"Place","name":"Spazi d&#8217;art Matias Spescha","description":"&lt;p&gt;Anreise&lt;br \/&gt;\\nmit \u00f6V bis Bahnhof Trun, dann 10 Minuten Fussweg&lt;br \/&gt;\\nmit Auto: Parkpl\u00e4tze beim Gemeindehaus oder am Dorfausgang gegen\u00fcber Museum Sursilvan &lt;\/p&gt;\\n&lt;p&gt;Veranstalter&lt;br \/&gt;\\nTrun Cultura&lt;\/p&gt;\\n&lt;p&gt;Auskunft&lt;br \/&gt;\\ninfo@trun-cultura.ch&lt;\/p&gt;\\n","url":"","address":{"@type":"PostalAddress","streetAddress":"Via Fabrica 13","addressLocality":"Trun","addressRegion":"Graub\u00fcnden","postalCode":"7166","addressCountry":"Switzerland"},"telephone":"","sameAs":"https:\/\/trun-cultura.ch\/spazispescha"},"show_map":true,"show_map_link":true,"global_id":"trun-cultura.ch\/rm\/?id=3312","global_id_lineage":["trun-cultura.ch\/rm\/?id=3312"]},"organizer":[{"id":3313,"author":"3","status":"publish","date":"2024-06-10 13:46:28","date_utc":"2024-06-10 13:46:28","modified":"2024-09-12 20:22:23","modified_utc":"2024-09-12 18:22:23","url":"https:\/\/trun-cultura.ch\/organisatur\/hfghfghfgh\/","organizer":"Trun Cultura","slug":"hfghfghfgh","email":"info@trun-cultura.ch","json_ld":{"@type":"Person","name":"Trun Cultura","description":"","url":"","telephone":"","email":"&#105;&#110;&#102;&#111;&#64;tr&#117;&#110;&#45;c&#117;&#108;t&#117;&#114;a.&#99;&#104;","sameAs":""},"global_id":"trun-cultura.ch\/rm\/?id=3313","global_id_lineage":["trun-cultura.ch\/rm\/?id=3313"]}],"custom_fields":[],"json_ld":{"@context":"http:\/\/schema.org","@type":"Event","name":"Discuors cull\u2019artista","description":"&lt;p&gt;&lt;a href=&quot;https:\/\/trun-cultura.ch\/rm\/exposiziuns\/&quot; class=&quot;link&quot;&gt;&lt;strong&gt;Exposiziun&lt;\/strong&gt;&lt;\/a&gt;&lt;br \/&gt;\\nEspaces Imaginaires - Matias Spescha \/ Esther Mathis&lt;\/p&gt;\\n","image":"https:\/\/trun-cultura.ch\/wp-content\/uploads\/2024\/08\/23062024_SP_Esther_Mathis_und_Seraina-Peer.jpg","url":"https:\/\/trun-cultura.ch\/rm\/event\/discuors-cullartista\/","eventAttendanceMode":"https:\/\/schema.org\/OfflineEventAttendanceMode","eventStatus":"https:\/\/schema.org\/EventScheduled","startDate":"2024-06-23T14:30:00+02:00","endDate":"2024-06-23T15:30:00+02:00","location":{"@type":"Place","name":"Spazi d&#8217;art Matias Spescha","description":"&lt;p&gt;Anreise&lt;br \/&gt;\\nmit \u00f6V bis Bahnhof Trun, dann 10 Minuten Fussweg&lt;br \/&gt;\\nmit Auto: Parkpl\u00e4tze beim Gemeindehaus oder am Dorfausgang gegen\u00fcber Museum Sursilvan &lt;\/p&gt;\\n&lt;p&gt;Veranstalter&lt;br \/&gt;\\nTrun Cultura&lt;\/p&gt;\\n&lt;p&gt;Auskunft&lt;br \/&gt;\\ninfo@trun-cultura.ch&lt;\/p&gt;\\n","url":"","address":{"@type":"PostalAddress","streetAddress":"Via Fabrica 13","addressLocality":"Trun","addressRegion":"Graub\u00fcnden","postalCode":"7166","addressCountry":"Switzerland"},"telephone":"","sameAs":"https:\/\/trun-cultura.ch\/spazispescha"},"organizer":{"@type":"Person","name":"Trun Cultura","description":"","url":"","telephone":"","email":"i&#110;f&#111;&#64;tru&#110;-c&#117;l&#116;&#117;&#114;&#97;&#46;c&#104;","sameAs":""},"performer":"Organization"}}