{"id":10607,"global_id":"trun-cultura.ch\/rm\/?id=10607","global_id_lineage":["trun-cultura.ch\/rm\/?id=10607"],"author":"6","status":"publish","date":"2026-04-27 15:17:14","date_utc":"2026-04-27 13:17:14","modified":"2026-04-27 15:17:52","modified_utc":"2026-04-27 13:17:52","url":"https:\/\/trun-cultura.ch\/rm\/event\/dialogische-fuehrung\/","rest_url":"https:\/\/trun-cultura.ch\/rm\/wp-json\/tribe\/events\/v1\/events\/10607","title":"Dialogische F\u00fchrung","description":"<p><div class=\"fusion-fullwidth fullwidth-box fusion-builder-row-1 fusion-flex-container has-pattern-background has-mask-background nonhundred-percent-fullwidth non-hundred-percent-height-scrolling\" style=\"--awb-border-radius-top-left:0px;--awb-border-radius-top-right:0px;--awb-border-radius-bottom-right:0px;--awb-border-radius-bottom-left:0px;--awb-margin-bottom:20px;--awb-flex-wrap:wrap;\" ><div class=\"fusion-builder-row fusion-row fusion-flex-align-items-flex-start fusion-flex-content-wrap\" style=\"max-width:1248px;margin-left: calc(-4% \/ 2 );margin-right: calc(-4% \/ 2 );\"><div class=\"fusion-layout-column fusion_builder_column fusion-builder-column-0 fusion_builder_column_1_2 1_2 fusion-flex-column\" style=\"--awb-bg-size:cover;--awb-width-large:50%;--awb-margin-top-large:0px;--awb-spacing-right-large:3.84%;--awb-margin-bottom-large:0px;--awb-spacing-left-large:3.84%;--awb-width-medium:50%;--awb-order-medium:0;--awb-spacing-right-medium:3.84%;--awb-spacing-left-medium:3.84%;--awb-width-small:100%;--awb-order-small:0;--awb-spacing-right-small:1.92%;--awb-margin-bottom-small:20px;--awb-spacing-left-small:1.92%;\" data-scroll-devices=\"small-visibility,medium-visibility,large-visibility\"><div class=\"fusion-column-wrapper fusion-column-has-shadow fusion-flex-justify-content-flex-start fusion-content-layout-column\"><div class=\"fusion-image-element \" style=\"--awb-caption-title-font-family:var(--h2_typography-font-family);--awb-caption-title-font-weight:var(--h2_typography-font-weight);--awb-caption-title-font-style:var(--h2_typography-font-style);--awb-caption-title-size:var(--h2_typography-font-size);--awb-caption-title-transform:var(--h2_typography-text-transform);--awb-caption-title-line-height:var(--h2_typography-line-height);--awb-caption-title-letter-spacing:var(--h2_typography-letter-spacing);\"><span class=\" fusion-imageframe imageframe-none imageframe-1 hover-type-none\"><a class=\"fusion-no-lightbox\" href=\"https:\/\/trun-cultura.ch\/event\/ausstellung-notvital\/\" target=\"_self\" aria-label=\"Venice Traces I, 2015\"><img decoding=\"async\" width=\"641\" height=\"434\" src=\"https:\/\/trun-cultura.ch\/wp-content\/uploads\/2025\/12\/Venice-Traces-I-2015.jpg\" alt class=\"img-responsive wp-image-10104\" srcset=\"https:\/\/trun-cultura.ch\/wp-content\/uploads\/2025\/12\/Venice-Traces-I-2015-200x135.jpg 200w, https:\/\/trun-cultura.ch\/wp-content\/uploads\/2025\/12\/Venice-Traces-I-2015-400x271.jpg 400w, https:\/\/trun-cultura.ch\/wp-content\/uploads\/2025\/12\/Venice-Traces-I-2015-600x406.jpg 600w, https:\/\/trun-cultura.ch\/wp-content\/uploads\/2025\/12\/Venice-Traces-I-2015.jpg 641w\" sizes=\"(max-width: 575px) 100vw, 600px\" \/><\/a><\/span><\/div><\/div><\/div><div class=\"fusion-layout-column fusion_builder_column fusion-builder-column-1 fusion_builder_column_1_2 1_2 fusion-flex-column\" style=\"--awb-bg-size:cover;--awb-width-large:50%;--awb-margin-top-large:0px;--awb-spacing-right-large:3.84%;--awb-margin-bottom-large:0px;--awb-spacing-left-large:3.84%;--awb-width-medium:50%;--awb-order-medium:0;--awb-spacing-right-medium:3.84%;--awb-spacing-left-medium:3.84%;--awb-width-small:100%;--awb-order-small:0;--awb-spacing-right-small:1.92%;--awb-spacing-left-small:1.92%;\" data-scroll-devices=\"small-visibility,medium-visibility,large-visibility\"><div class=\"fusion-column-wrapper fusion-column-has-shadow fusion-flex-justify-content-flex-start fusion-content-layout-column\"><div class=\"fusion-text fusion-text-1\"><p><strong>Kosten<\/strong><br \/>\nDie F\u00fchrung ist im Eintrittspreis inbegriffen. Eine Anmeldung ist nicht erforderlich.<\/p>\n<p><strong>Kurzinfo<\/strong><br \/>\nDie F\u00fchrung bietet Einblick in die diesj\u00e4hrige Ausstellung SPESCHA &amp; SPESCHA \/ ENERGY FIELDS, in der Venice Spescha zusammen mit Werken ihres Vaters Matias Spescha die Wechselwirkungen zwischen dem sichtbaren (Bild)-Raum und den von ihm erzeugten unsichtbaren energetischen Feldern untersucht.<\/p>\n<p>Esther Spycher f\u00fchrt im Dialog mit der K\u00fcnstlerin Venice Spescha durch die Ausstellung und gibt Einblicke in die Hintergr\u00fcnde der einzelnen Werke.<\/p>\n<p><strong>Ausstellung<br \/>\n<\/strong>Informationen zur Ausstellung finden Sie <a href=\"https:\/\/trun-cultura.ch\/event\/energyfields\/\">hier.<\/a><\/p>\n<p><strong>Anreise<\/strong><br \/>\nmit \u00d6V: bis Bahnhof Trun, dann 10 Minuten Fussweg.<br \/>\nmit Auto: Parkpl\u00e4tze beim Gemeindehaus oder am Dorfausgang gegen\u00fcber Museum Sursilvan.<\/p>\n<\/div><\/div><\/div><\/div><\/div><div class=\"fusion-fullwidth fullwidth-box fusion-builder-row-2 fusion-flex-container has-pattern-background has-mask-background nonhundred-percent-fullwidth non-hundred-percent-height-scrolling\" style=\"--awb-border-radius-top-left:0px;--awb-border-radius-top-right:0px;--awb-border-radius-bottom-right:0px;--awb-border-radius-bottom-left:0px;--awb-flex-wrap:wrap;\" ><div class=\"fusion-builder-row fusion-row fusion-flex-align-items-flex-start fusion-flex-content-wrap\" style=\"max-width:1248px;margin-left: calc(-4% \/ 2 );margin-right: calc(-4% \/ 2 );\"><div class=\"fusion-layout-column fusion_builder_column fusion-builder-column-2 fusion_builder_column_1_2 1_2 fusion-flex-column\" style=\"--awb-bg-size:cover;--awb-width-large:50%;--awb-margin-top-large:0px;--awb-spacing-right-large:3.84%;--awb-margin-bottom-large:20px;--awb-spacing-left-large:3.84%;--awb-width-medium:50%;--awb-order-medium:0;--awb-spacing-right-medium:3.84%;--awb-spacing-left-medium:3.84%;--awb-width-small:100%;--awb-order-small:0;--awb-spacing-right-small:1.92%;--awb-spacing-left-small:1.92%;\"><div class=\"fusion-column-wrapper fusion-column-has-shadow fusion-flex-justify-content-flex-start fusion-content-layout-column\"><\/div><\/div><div class=\"fusion-layout-column fusion_builder_column fusion-builder-column-3 fusion_builder_column_1_2 1_2 fusion-flex-column\" style=\"--awb-bg-size:cover;--awb-width-large:50%;--awb-margin-top-large:0px;--awb-spacing-right-large:3.84%;--awb-margin-bottom-large:20px;--awb-spacing-left-large:3.84%;--awb-width-medium:50%;--awb-order-medium:0;--awb-spacing-right-medium:3.84%;--awb-spacing-left-medium:3.84%;--awb-width-small:100%;--awb-order-small:0;--awb-spacing-right-small:1.92%;--awb-spacing-left-small:1.92%;\"><div class=\"fusion-column-wrapper fusion-column-has-shadow fusion-flex-justify-content-flex-start fusion-content-layout-column\"><\/div><\/div><\/div><\/div><\/p>","excerpt":"","slug":"dialogische-fuehrung","image":{"url":"https:\/\/trun-cultura.ch\/wp-content\/uploads\/2026\/04\/Flyer-Spescha-Spescha-e1775987990461.jpg","id":10379,"extension":"jpg","width":1280,"height":870,"filesize":257796,"sizes":{"medium":{"width":300,"height":204,"mime-type":"image\/jpeg","filesize":13533,"url":"https:\/\/trun-cultura.ch\/wp-content\/uploads\/2026\/04\/Flyer-Spescha-Spescha-300x204.jpg"},"large":{"width":1024,"height":696,"mime-type":"image\/jpeg","filesize":113678,"url":"https:\/\/trun-cultura.ch\/wp-content\/uploads\/2026\/04\/Flyer-Spescha-Spescha-1024x696.jpg"},"thumbnail":{"width":150,"height":150,"mime-type":"image\/jpeg","filesize":5526,"url":"https:\/\/trun-cultura.ch\/wp-content\/uploads\/2026\/04\/Flyer-Spescha-Spescha-150x150.jpg"},"medium_large":{"width":768,"height":522,"mime-type":"image\/jpeg","filesize":69138,"url":"https:\/\/trun-cultura.ch\/wp-content\/uploads\/2026\/04\/Flyer-Spescha-Spescha-768x522.jpg"},"blog-large":{"width":669,"height":272,"mime-type":"image\/jpeg","filesize":33020,"url":"https:\/\/trun-cultura.ch\/wp-content\/uploads\/2026\/04\/Flyer-Spescha-Spescha-669x272.jpg"},"blog-medium":{"width":320,"height":202,"mime-type":"image\/jpeg","filesize":14138,"url":"https:\/\/trun-cultura.ch\/wp-content\/uploads\/2026\/04\/Flyer-Spescha-Spescha-320x202.jpg"},"recent-posts":{"width":700,"height":441,"mime-type":"image\/jpeg","filesize":54817,"url":"https:\/\/trun-cultura.ch\/wp-content\/uploads\/2026\/04\/Flyer-Spescha-Spescha-700x441.jpg"},"recent-works-thumbnail":{"width":66,"height":66,"mime-type":"image\/jpeg","filesize":1660,"url":"https:\/\/trun-cultura.ch\/wp-content\/uploads\/2026\/04\/Flyer-Spescha-Spescha-66x66.jpg"},"fusion-200":{"width":200,"height":136,"mime-type":"image\/jpeg","filesize":6717,"url":"https:\/\/trun-cultura.ch\/wp-content\/uploads\/2026\/04\/Flyer-Spescha-Spescha-200x136.jpg"},"fusion-400":{"width":400,"height":272,"mime-type":"image\/jpeg","filesize":21237,"url":"https:\/\/trun-cultura.ch\/wp-content\/uploads\/2026\/04\/Flyer-Spescha-Spescha-400x272.jpg"},"fusion-600":{"width":600,"height":408,"mime-type":"image\/jpeg","filesize":44700,"url":"https:\/\/trun-cultura.ch\/wp-content\/uploads\/2026\/04\/Flyer-Spescha-Spescha-600x408.jpg"},"fusion-800":{"width":800,"height":544,"mime-type":"image\/jpeg","filesize":73407,"url":"https:\/\/trun-cultura.ch\/wp-content\/uploads\/2026\/04\/Flyer-Spescha-Spescha-800x544.jpg"},"fusion-1200":{"width":1200,"height":816,"mime-type":"image\/jpeg","filesize":149846,"url":"https:\/\/trun-cultura.ch\/wp-content\/uploads\/2026\/04\/Flyer-Spescha-Spescha-1200x816.jpg"},"woocommerce_thumbnail":{"width":500,"height":340,"mime-type":"image\/jpeg","filesize":32554,"url":"https:\/\/trun-cultura.ch\/wp-content\/uploads\/2026\/04\/Flyer-Spescha-Spescha-500x340.jpg"},"woocommerce_single":{"width":700,"height":476,"mime-type":"image\/jpeg","filesize":58171,"url":"https:\/\/trun-cultura.ch\/wp-content\/uploads\/2026\/04\/Flyer-Spescha-Spescha-700x476.jpg"},"woocommerce_gallery_thumbnail":{"width":200,"height":200,"mime-type":"image\/jpeg","filesize":8752,"url":"https:\/\/trun-cultura.ch\/wp-content\/uploads\/2026\/04\/Flyer-Spescha-Spescha-200x200.jpg"}}},"all_day":false,"start_date":"2026-06-07 14:15:00","start_date_details":{"year":"2026","month":"06","day":"07","hour":"14","minutes":"15","seconds":"00"},"end_date":"2026-06-07 15:15:00","end_date_details":{"year":"2026","month":"06","day":"07","hour":"15","minutes":"15","seconds":"00"},"utc_start_date":"2026-06-07 12:15:00","utc_start_date_details":{"year":"2026","month":"06","day":"07","hour":"12","minutes":"15","seconds":"00"},"utc_end_date":"2026-06-07 13:15:00","utc_end_date_details":{"year":"2026","month":"06","day":"07","hour":"13","minutes":"15","seconds":"00"},"timezone":"Europe\/Zurich","timezone_abbr":"CEST","cost":"","cost_details":{"currency_symbol":"CHF","currency_code":"","currency_position":"","values":[]},"website":"","show_map":true,"show_map_link":true,"hide_from_listings":false,"sticky":false,"featured":false,"categories":[{"name":"event","slug":"event","term_group":0,"term_taxonomy_id":40,"taxonomy":"tribe_events_cat","description":"","parent":0,"count":34,"filter":"raw","id":40,"urls":{"self":"https:\/\/trun-cultura.ch\/rm\/wp-json\/tribe\/events\/v1\/categories\/40","collection":"https:\/\/trun-cultura.ch\/rm\/wp-json\/tribe\/events\/v1\/categories"}},{"name":"guid","slug":"guid","term_group":0,"term_taxonomy_id":80,"taxonomy":"tribe_events_cat","description":"","parent":40,"count":21,"filter":"raw","id":80,"urls":{"self":"https:\/\/trun-cultura.ch\/rm\/wp-json\/tribe\/events\/v1\/categories\/80","collection":"https:\/\/trun-cultura.ch\/rm\/wp-json\/tribe\/events\/v1\/categories","up":"https:\/\/trun-cultura.ch\/rm\/wp-json\/tribe\/events\/v1\/categories\/40"}}],"tags":[],"venue":{"id":3312,"author":"8","status":"publish","date":"2024-06-10 13:46:28","date_utc":"2024-06-10 13:46:28","modified":"2025-03-09 16:08:48","modified_utc":"2025-03-09 15:08:48","url":"https:\/\/trun-cultura.ch\/liug\/fdg\/","venue":"Spazi d&#8217;art Matias Spescha","description":"<p>In der 1\u2019000 m2 grossen ehemaligen Fabrikationshalle wird das Werk von Matias Spescha unter immer wieder neuen Gesichtspunkten in j\u00e4hrlich wechselnden Ausstellungen gezeigt. Die Halle bietet die M\u00f6glichkeit f\u00fcr raumgreifende Installationen, grosse Gem\u00e4lde wie auch f\u00fcr kleinformatige Werke wie Zeichnungen und Druckgraphiken.<\/p>\n<p>Die Ausstellungen werden als eigenst\u00e4ndige, in sich geschlossene Projekte im j\u00e4hrlichen Wechsel jeweils neu konzipiert. Der SPAZI D&#8217;ART MATIAS SPESCHA versteht sich somit nicht als ein \u00abSchau-Lager\u00bb, sondern soll immer wieder neues Interesse wecken und neue Beziehungen er\u00f6ffnen. Speschas Werk eignet sich hervorragend daf\u00fcr, in unterschiedlichen k\u00fcnstlerischen und kunsthistorischen Kontexten gesehen zu werden. Es erm\u00f6glicht dem Publikum dadurch anregende Begegnungen auch mit anderen Kunstpositionen.<\/p>","excerpt":"<p>Anreise<br \/>\nmit \u00f6V bis Bahnhof Trun, dann 10 Minuten Fussweg<br \/>\nmit Auto: Parkpl\u00e4tze beim Gemeindehaus oder am Dorfausgang gegen\u00fcber Museum Sursilvan <\/p>\n<p>Veranstalter<br \/>\nTrun Cultura<\/p>\n<p>Auskunft<br \/>\ninfo@trun-cultura.ch<\/p>","slug":"fdg","address":"Via Fabrica 13","city":"Trun","country":"Switzerland","province":"Graub\u00fcnden","zip":"7166","website":"https:\/\/trun-cultura.ch\/spazispescha","stateprovince":"Graub\u00fcnden","json_ld":{"@type":"Place","name":"Spazi d&#8217;art Matias Spescha","description":"&lt;p&gt;Anreise&lt;br \/&gt;\\nmit \u00f6V bis Bahnhof Trun, dann 10 Minuten Fussweg&lt;br \/&gt;\\nmit Auto: Parkpl\u00e4tze beim Gemeindehaus oder am Dorfausgang gegen\u00fcber Museum Sursilvan &lt;\/p&gt;\\n&lt;p&gt;Veranstalter&lt;br \/&gt;\\nTrun Cultura&lt;\/p&gt;\\n&lt;p&gt;Auskunft&lt;br \/&gt;\\ninfo@trun-cultura.ch&lt;\/p&gt;\\n","url":"","address":{"@type":"PostalAddress","streetAddress":"Via Fabrica 13","addressLocality":"Trun","addressRegion":"Graub\u00fcnden","postalCode":"7166","addressCountry":"Switzerland"},"telephone":"","sameAs":"https:\/\/trun-cultura.ch\/spazispescha"},"show_map":true,"show_map_link":true,"global_id":"trun-cultura.ch\/rm\/?id=3312","global_id_lineage":["trun-cultura.ch\/rm\/?id=3312"]},"organizer":[{"id":3313,"author":"3","status":"publish","date":"2024-06-10 13:46:28","date_utc":"2024-06-10 13:46:28","modified":"2024-09-12 20:22:23","modified_utc":"2024-09-12 18:22:23","url":"https:\/\/trun-cultura.ch\/organisatur\/hfghfghfgh\/","organizer":"Trun Cultura","slug":"hfghfghfgh","email":"info@trun-cultura.ch","json_ld":{"@type":"Person","name":"Trun Cultura","description":"","url":"","telephone":"","email":"&#105;n&#102;o&#64;&#116;&#114;&#117;n&#45;cu&#108;&#116;ur&#97;.&#99;h","sameAs":""},"global_id":"trun-cultura.ch\/rm\/?id=3313","global_id_lineage":["trun-cultura.ch\/rm\/?id=3313"]}],"custom_fields":[],"json_ld":{"@context":"http:\/\/schema.org","@type":"Event","name":"Dialogische F\u00fchrung","description":"&lt;p&gt;https:\/\/trun-cultura.ch\/wp-content\/uploads\/2025\/12\/Venice-Traces-I-2015.jpg Kosten Die F\u00fchrung ist im Eintrittspreis inbegriffen. Eine Anmeldung [&hellip;]&lt;\/p&gt;\\n","image":"https:\/\/trun-cultura.ch\/wp-content\/uploads\/2026\/04\/Flyer-Spescha-Spescha-e1775987990461.jpg","url":"https:\/\/trun-cultura.ch\/rm\/event\/dialogische-fuehrung\/","eventAttendanceMode":"https:\/\/schema.org\/OfflineEventAttendanceMode","eventStatus":"https:\/\/schema.org\/EventScheduled","startDate":"2026-06-07T14:15:00+02:00","endDate":"2026-06-07T15:15:00+02:00","location":{"@type":"Place","name":"Spazi d&#8217;art Matias Spescha","description":"&lt;p&gt;Anreise&lt;br \/&gt;\\nmit \u00f6V bis Bahnhof Trun, dann 10 Minuten Fussweg&lt;br \/&gt;\\nmit Auto: Parkpl\u00e4tze beim Gemeindehaus oder am Dorfausgang gegen\u00fcber Museum Sursilvan &lt;\/p&gt;\\n&lt;p&gt;Veranstalter&lt;br \/&gt;\\nTrun Cultura&lt;\/p&gt;\\n&lt;p&gt;Auskunft&lt;br \/&gt;\\ninfo@trun-cultura.ch&lt;\/p&gt;\\n","url":"","address":{"@type":"PostalAddress","streetAddress":"Via Fabrica 13","addressLocality":"Trun","addressRegion":"Graub\u00fcnden","postalCode":"7166","addressCountry":"Switzerland"},"telephone":"","sameAs":"https:\/\/trun-cultura.ch\/spazispescha"},"organizer":{"@type":"Person","name":"Trun Cultura","description":"","url":"","telephone":"","email":"&#105;nf&#111;&#64;&#116;r&#117;n-&#99;&#117;ltur&#97;.c&#104;","sameAs":""},"performer":"Organization"}}